{"id":18465354,"date":"2026-08-31T10:28:46","date_gmt":"2026-08-31T08:28:46","guid":{"rendered":"https:\/\/migflug.com\/afterburner\/hungary-gripen-scramble-stolen-cessna-paks-2026\/"},"modified":"2026-08-31T10:31:34","modified_gmt":"2026-08-31T08:31:34","slug":"hungary-gripen-scramble-stolen-cessna-paks-2026","status":"publish","type":"post","link":"https:\/\/migflug.com\/afterburner\/de\/hungary-gripen-scramble-stolen-cessna-paks-2026\/","title":{"rendered":"Hungary Scrambles Gripens as Stolen Cessna Flies Toward Paks"},"content":{"rendered":"<style>.et_pb_title_container h1.entry-title { padding-top: 40px !important; }<\/style>\r\n\r\n\r\n<p>It was meant to be an ordinary Saturday morning in southern Hungary. Instead, a light aircraft lifted off from the grass at Kalocsa with a man at the controls who had no business flying it, and pointed its nose toward the one place in the country guaranteed to trigger a fighter launch: the Paks Nuclear Power Plant.<\/p><p>Within moments of the Cessna 172 leaving the ground on 29 August 2026, Hungarian military radar had it. Two Hungarian Air Force <a href=\"https:\/\/migflug.com\/afterburner\/de\/flugzeug\/saab-gripen\/\">Saab JAS 39 Gripen<\/a> fighters were scrambled from their base at Kecskem&eacute;t, climbing hard to catch a wandering four-seat propeller aircraft drifting toward a protected reactor site.<\/p><p>It is exactly the scenario a quick-reaction alert exists for &mdash; and it was over almost as fast as it began.<\/p>\r\n<div style=\"background:#f5f5f5;padding:20px 24px;margin:24px 0;border-radius:8px;font-size:15px;line-height:1.7\"><strong style=\"font-size:17px\">Kurzinfo<\/strong><br><strong>Datum:<\/strong> Saturday, 29 August 2026, morning<br><strong>Flugzeug:<\/strong> Cessna 172, taken from Kalocsa airfield<br><strong>Intercept:<\/strong> Two Hungarian Air Force Saab JAS 39 Gripen (QRA pair)<br><strong>Destination:<\/strong> Toward the Paks Nuclear Power Plant, Tolna County<br><strong>Ergebnis:<\/strong> Forced landing near Gerjen; aircraft damaged, no injuries<br><strong>Suspect:<\/strong> 24-year-old man from Szomor, reportedly intoxicated, detained<\/div>\r\n<h2 style=\"padding-top:22px\">A strange Saturday alert<\/h2>\r\n<p>The Hungarian Ministry of Defence went public quickly. In a statement timed at 10:02 local, Defence Minister Romulusz Ruszin-Szendi said the armed forces&rsquo; radars picked up the aircraft the moment it took off, and the standing quick-reaction fighter pair was airborne within minutes.<\/p><p>Paks sits inside one of Hungary&rsquo;s most tightly drawn pieces of airspace. Under the country&rsquo;s aeronautical rules, a three-kilometre circle around the plant is a permanent prohibited zone, closed to civil traffic from the ground up to roughly 6,000 metres, day and night. An unidentified aircraft tracking toward it is not a paperwork problem &mdash; it is a job for fighters.<\/p>\r\n<div style=\"display:flex;justify-content:center;margin:2em 0\"><iframe class=\"skip-lazy\" data-no-lazy=\"1\" loading=\"eager\" src=\"https:\/\/www.facebook.com\/plugins\/post.php?href=https%3A%2F%2Fwww.facebook.com%2Fruszinszendiromulusz%2Fposts%2Fpfbid0KdUjCo1AMzY1pveNvaUaKZgkUJa64pBvRPRbjP8jjv4CnPE1XTDobdAyWSmMZMs9l&show_text=true&width=500\" width=\"500\" height=\"640\" style=\"border:none;overflow:hidden;max-width:100%\" scrolling=\"no\" frameborder=\"0\" allowfullscreen=\"true\"><\/iframe><\/div>\r\n\r\n<div style=\"background:#f8f9fa;border-left:4px solid #5C91FF;padding:20px 22px;margin:18px 0 24px;border-radius:0 8px 8px 0;font-size:16px;line-height:1.7\"><em>&ldquo;A strange alert. This morning a man decided to try out a light aircraft parked at Kalocsa. He did not hesitate for long and set off toward Paks. The defence forces&rsquo; radars detected the aircraft immediately, and the quick-reaction fighter pair took to the air.&rdquo;<\/em><div style=\"margin-top:10px;font-size:14px;color:#555\"><strong>Romulusz Ruszin-Szendi<\/strong> &mdash; Hungarian Defence Minister, Ministry of Defence statement, 29 August 2026 (translated from Hungarian)<\/div><\/div>\r\n\r\n<figure class=\"wp-block-image size-large\" style=\"margin:0 0 24px;width:100%\"><img data-opt-id=1829196842  fetchpriority=\"high\" decoding=\"async\" class=\"skip-lazy\" data-no-lazy=\"1\" loading=\"eager\" width=\"1024\" src=\"https:\/\/ml5psubhxdln.i.optimole.com\/cb:-h56.d006\/w:auto\/h:auto\/q:mauto\/ig:avif\/https:\/\/migflug.com\/afterburner\/wp-content\/uploads\/sites\/4\/2026\/08\/paks-nuclear-power-plant.jpg\" alt=\"Paks Nuclear Power Plant\" style=\"width:100%;height:auto;max-width:100%;display:block;border-radius:6px\"><figcaption style=\"font-size:13px;color:#777;text-align:center;margin-top:6px;font-style:italic\">The Paks Nuclear Power Plant in Tolna County. A three-kilometre no-fly circle around it is closed to civil aircraft around the clock. Photo: Wikimedia Commons.<\/figcaption><\/figure>\r\n<h2 style=\"padding-top:22px\">Down in a sunflower field<\/h2>\r\n<p>The drama lasted only minutes. Near the village of Gerjen, a short distance from the plant, the Cessna came down in a forced landing. Its landing gear collapsed and the aircraft ended up tilted on one wing in a field &mdash; early Hungarian reports differed over whether it was sunflowers or corn. Nobody was hurt, and the plant reported no damage.<\/p><p>The Gripens reached the scene after the aircraft was already down, circled overhead, and stayed on station until a rescue helicopter and ground units arrived. Notably, neither the ministry nor the police statement said the Cessna actually entered the prohibited airspace directly over the reactors &mdash; only that it was heading that way.<\/p><p>The human side was stranger still. According to the National Police, the pilot climbed out and was found walking along Route 512 in a confused state. When a passing motorist stopped to help, the man got into the car and tried to drive off before being stopped. Officers detained a 24-year-old from Szomor nearby within minutes. Police said he was intoxicated, opened proceedings for the unauthorised taking of a vehicle and further offences, and said they would seek his pre-trial detention.<\/p>\r\n<figure class=\"wp-block-image size-large\" style=\"margin:0 0 24px;width:100%\"><img data-opt-id=1815471283  fetchpriority=\"high\" decoding=\"async\" class=\"skip-lazy\" data-no-lazy=\"1\" loading=\"eager\" width=\"1024\" src=\"https:\/\/ml5psubhxdln.i.optimole.com\/cb:MAfw.d007\/w:auto\/h:auto\/q:mauto\/ig:avif\/https:\/\/migflug.com\/afterburner\/wp-content\/uploads\/sites\/4\/2026\/08\/huaf-gripen-kecskemet.jpg\" alt=\"Hungarian Air Force JAS-39 Gripen at Kecskemet\" style=\"width:100%;height:auto;max-width:100%;display:block;border-radius:6px\"><figcaption style=\"font-size:13px;color:#777;text-align:center;margin-top:6px;font-style:italic\">A Hungarian Air Force JAS 39 Gripen at Kecskem&eacute;t, home of the country&rsquo;s fighter force and its quick-reaction alert. Photo: Wikimedia Commons.<\/figcaption><\/figure>\r\n<h2 style=\"padding-top:22px\">Two scrambles in two days<\/h2>\r\n<p>The stolen-Cessna alert was not an isolated event. The ministry said Gripens had already been launched the previous afternoon, on 28 August, after a French-registered Piper PA-28 entered Hungarian airspace near Fert&#337;szentmikl&oacute;s without clearance &mdash; an airspace violation Budapest reported to the relevant authorities.<\/p><p>Both launches came in a difficult fortnight for Hungary&rsquo;s small fighter arm, which lost a Gripen in a crash at Szolnok on 24 August. Hungary flies a modest fleet of the Swedish jets and agreed in early 2024 to expand it to 18 Gripen C\/D aircraft, the backbone of its air-policing and quick-reaction duties.<\/p><p>For all the alarm a nuclear plant and a scrambled fighter pair can generate, the outcome here was almost anticlimactic: a broken light aircraft in a field, a confused young man in custody, and two Gripens back on the ground by lunchtime. Which is, of course, exactly how a quick-reaction alert is supposed to end.<\/p><p style=\"font-style:italic;color:#777;font-size:14px\">Sources: Hungarian Ministry of Defence statement (honvedelem.hu); Hungarian National Police; AeroTime; Daily News Hungary; HVG.<\/p>\r\n<div style=\"background:#f0f4ff;border-left:4px solid #5C91FF;padding:16px 20px;margin:32px 0 8px;border-radius:0 8px 8px 0\"><p style=\"margin:0 0 8px;font-weight:600;color:#333\">\u00c4hnliche Beitr\u00e4ge<\/p><p style=\"margin:4px 0\"><a href=\"https:\/\/migflug.com\/afterburner\/de\/hungary-gripen-crash-szolnok-pilot-spinal-injury-2026\/\">Hungarian Gripen Crashes at Szolnok, Pilot Survives<\/a><\/p><p style=\"margin:4px 0\"><a href=\"https:\/\/migflug.com\/afterburner\/de\/gripen-f-first-flight-brazil-saab-2026\/\">Gripen F Takes Flight for the First Time<\/a><\/p><\/div>","protected":false},"excerpt":{"rendered":"<p>It was meant to be an ordinary Saturday morning in southern Hungary. Instead, a light aircraft lifted off from the grass at Kalocsa with a man at the controls who had no business flying it, and pointed its nose toward the one place in the country guaranteed to trigger a fighter launch: the Paks Nuclear [&hellip;]<\/p>\n","protected":false},"author":25,"featured_media":18464011,"comment_status":"open","ping_status":"open","sticky":false,"template":"","format":"standard","meta":{"editor_notices":[],"footnotes":""},"categories":[665,664,670],"tags":[],"class_list":["post-18465354","post","type-post","status-publish","format-standard","has-post-thumbnail","hentry","category-aviation-world","category-military-aviation","category-news"],"yoast_head":"<!-- This site is optimized with the Yoast SEO plugin v28.3 - https:\/\/yoast.com\/product\/yoast-seo-wordpress\/ -->\n<title>Stolen Cessna, Scrambled Gripens: Hungary&rsquo;s Paks Alert<\/title>\n<meta name=\"description\" content=\"A man flew a stolen Cessna toward Hungary&rsquo;s Paks nuclear plant on 29 August 2026, and two Air Force Gripens scrambled. Here is what happened.\" \/>\n<meta name=\"robots\" content=\"index, follow, max-snippet:-1, max-image-preview:large, max-video-preview:-1\" \/>\n<link rel=\"canonical\" href=\"https:\/\/migflug.com\/afterburner\/de\/hungary-gripen-scramble-stolen-cessna-paks-2026\/\" \/>\n<meta property=\"og:locale\" content=\"de_DE\" \/>\n<meta property=\"og:type\" content=\"article\" \/>\n<meta property=\"og:title\" content=\"Stolen Cessna, Scrambled Gripens: Hungary&rsquo;s Paks Alert\" \/>\n<meta property=\"og:description\" content=\"A man flew a stolen Cessna toward Hungary&rsquo;s Paks nuclear plant on 29 August 2026, and two Air Force Gripens scrambled. Here is what happened.\" \/>\n<meta property=\"og:url\" content=\"https:\/\/migflug.com\/afterburner\/de\/hungary-gripen-scramble-stolen-cessna-paks-2026\/\" \/>\n<meta property=\"og:site_name\" content=\"Afterburner - MiGFlug&#039;s Magazine\" \/>\n<meta property=\"article:publisher\" content=\"https:\/\/www.facebook.com\/MiGFlug\/\" \/>\n<meta property=\"article:published_time\" content=\"2026-08-31T08:28:46+00:00\" \/>\n<meta property=\"article:modified_time\" content=\"2026-08-31T08:31:34+00:00\" \/>\n<meta property=\"og:image\" content=\"https:\/\/ml5psubhxdln.i.optimole.com\/cb:-h56.d006\/w:auto\/h:auto\/q:mauto\/ig:avif\/https:\/\/migflug.com\/afterburner\/wp-content\/uploads\/sites\/4\/2026\/08\/huaf-gripen-jas39c-featured.jpg\" \/>\n\t<meta property=\"og:image:width\" content=\"1280\" \/>\n\t<meta property=\"og:image:height\" content=\"931\" \/>\n\t<meta property=\"og:image:type\" content=\"image\/jpeg\" \/>\n<meta name=\"author\" content=\"Fortun\u00e9 Leroy\" \/>\n<meta name=\"twitter:card\" content=\"summary_large_image\" \/>\n<meta name=\"twitter:creator\" content=\"@migflug\" \/>\n<meta name=\"twitter:site\" content=\"@migflug\" \/>\n<meta name=\"twitter:label1\" content=\"Written by\" \/>\n\t<meta name=\"twitter:data1\" content=\"Fortun\u00e9 Leroy\" \/>\n\t<meta name=\"twitter:label2\" content=\"Est. reading time\" \/>\n\t<meta name=\"twitter:data2\" content=\"5 minutes\" \/>\n<script type=\"application\/ld+json\" class=\"yoast-schema-graph\">{\"@context\":\"https:\\\/\\\/schema.org\",\"@graph\":[{\"@type\":\"Article\",\"@id\":\"https:\\\/\\\/migflug.com\\\/afterburner\\\/hungary-gripen-scramble-stolen-cessna-paks-2026\\\/#article\",\"isPartOf\":{\"@id\":\"https:\\\/\\\/migflug.com\\\/afterburner\\\/hungary-gripen-scramble-stolen-cessna-paks-2026\\\/\"},\"author\":{\"name\":\"Fortun\u00e9 Leroy\",\"@id\":\"https:\\\/\\\/migflug.com\\\/afterburner\\\/it\\\/#\\\/schema\\\/person\\\/8de428a67c070c9b49afaa026328a4e3\"},\"headline\":\"Hungary Scrambles Gripens as Stolen Cessna Flies Toward Paks\",\"datePublished\":\"2026-08-31T08:28:46+00:00\",\"dateModified\":\"2026-08-31T08:31:34+00:00\",\"mainEntityOfPage\":{\"@id\":\"https:\\\/\\\/migflug.com\\\/afterburner\\\/hungary-gripen-scramble-stolen-cessna-paks-2026\\\/\"},\"wordCount\":797,\"commentCount\":0,\"publisher\":{\"@id\":\"https:\\\/\\\/migflug.com\\\/afterburner\\\/it\\\/#organization\"},\"image\":{\"@id\":\"https:\\\/\\\/migflug.com\\\/afterburner\\\/hungary-gripen-scramble-stolen-cessna-paks-2026\\\/#primaryimage\"},\"thumbnailUrl\":\"https:\\/\\/migflug.com\\/afterburner\\/wp-content\\/uploads\\/sites\\/4\\/2026\\/08\\/huaf-gripen-jas39c-featured.jpg\",\"articleSection\":[\"Aviation World\",\"Military Aviation\",\"News\"],\"inLanguage\":\"en-US\",\"potentialAction\":[{\"@type\":\"CommentAction\",\"name\":\"Comment\",\"target\":[\"https:\\\/\\\/migflug.com\\\/afterburner\\\/hungary-gripen-scramble-stolen-cessna-paks-2026\\\/#respond\"]}]},{\"@type\":\"WebPage\",\"@id\":\"https:\\\/\\\/migflug.com\\\/afterburner\\\/hungary-gripen-scramble-stolen-cessna-paks-2026\\\/\",\"url\":\"https:\\\/\\\/migflug.com\\\/afterburner\\\/hungary-gripen-scramble-stolen-cessna-paks-2026\\\/\",\"name\":\"Stolen Cessna, Scrambled Gripens: Hungary&rsquo;s Paks Alert\",\"isPartOf\":{\"@id\":\"https:\\\/\\\/migflug.com\\\/afterburner\\\/it\\\/#website\"},\"primaryImageOfPage\":{\"@id\":\"https:\\\/\\\/migflug.com\\\/afterburner\\\/hungary-gripen-scramble-stolen-cessna-paks-2026\\\/#primaryimage\"},\"image\":{\"@id\":\"https:\\\/\\\/migflug.com\\\/afterburner\\\/hungary-gripen-scramble-stolen-cessna-paks-2026\\\/#primaryimage\"},\"thumbnailUrl\":\"https:\\/\\/migflug.com\\/afterburner\\/wp-content\\/uploads\\/sites\\/4\\/2026\\/08\\/huaf-gripen-jas39c-featured.jpg\",\"datePublished\":\"2026-08-31T08:28:46+00:00\",\"dateModified\":\"2026-08-31T08:31:34+00:00\",\"description\":\"A man flew a stolen Cessna toward Hungary&rsquo;s Paks nuclear plant on 29 August 2026, and two Air Force Gripens scrambled. Here is what happened.\",\"breadcrumb\":{\"@id\":\"https:\\\/\\\/migflug.com\\\/afterburner\\\/hungary-gripen-scramble-stolen-cessna-paks-2026\\\/#breadcrumb\"},\"inLanguage\":\"en-US\",\"potentialAction\":[{\"@type\":\"ReadAction\",\"target\":[\"https:\\\/\\\/migflug.com\\\/afterburner\\\/hungary-gripen-scramble-stolen-cessna-paks-2026\\\/\"]}]},{\"@type\":\"ImageObject\",\"inLanguage\":\"en-US\",\"@id\":\"https:\\\/\\\/migflug.com\\\/afterburner\\\/hungary-gripen-scramble-stolen-cessna-paks-2026\\\/#primaryimage\",\"url\":\"https:\\/\\/migflug.com\\/afterburner\\/wp-content\\/uploads\\/sites\\/4\\/2026\\/08\\/huaf-gripen-jas39c-featured.jpg\",\"contentUrl\":\"https:\\/\\/migflug.com\\/afterburner\\/wp-content\\/uploads\\/sites\\/4\\/2026\\/08\\/huaf-gripen-jas39c-featured.jpg\",\"width\":1280,\"height\":931,\"caption\":\"Hungarian Air Force Saab JAS-39C Gripen\"},{\"@type\":\"BreadcrumbList\",\"@id\":\"https:\\\/\\\/migflug.com\\\/afterburner\\\/hungary-gripen-scramble-stolen-cessna-paks-2026\\\/#breadcrumb\",\"itemListElement\":[{\"@type\":\"ListItem\",\"position\":1,\"name\":\"Startseite\",\"item\":\"https:\\\/\\\/migflug.com\\\/afterburner\\\/it\\\/\"},{\"@type\":\"ListItem\",\"position\":2,\"name\":\"Hungary Scrambles Gripens as Stolen Cessna Flies Toward Paks\"}]},{\"@type\":\"WebSite\",\"@id\":\"https:\\\/\\\/migflug.com\\\/afterburner\\\/it\\\/#website\",\"url\":\"https:\\\/\\\/migflug.com\\\/afterburner\\\/it\\\/\",\"name\":\"Afterburner - MiGFlug's Magazine\",\"description\":\"for those interested in flying military jets and aviation related  topics\",\"publisher\":{\"@id\":\"https:\\\/\\\/migflug.com\\\/afterburner\\\/it\\\/#organization\"},\"potentialAction\":[{\"@type\":\"SearchAction\",\"target\":{\"@type\":\"EntryPoint\",\"urlTemplate\":\"https:\\\/\\\/migflug.com\\\/afterburner\\\/it\\\/?s={search_term_string}\"},\"query-input\":{\"@type\":\"PropertyValueSpecification\",\"valueRequired\":true,\"valueName\":\"search_term_string\"}}],\"inLanguage\":\"en-US\"},{\"@type\":\"Organization\",\"@id\":\"https:\\\/\\\/migflug.com\\\/afterburner\\\/it\\\/#organization\",\"name\":\"MiGFlug GmbH\",\"url\":\"https:\\\/\\\/migflug.com\\\/afterburner\\\/it\\\/\",\"logo\":{\"@type\":\"ImageObject\",\"inLanguage\":\"en-US\",\"@id\":\"https:\\\/\\\/migflug.com\\\/afterburner\\\/it\\\/#\\\/schema\\\/logo\\\/image\\\/\",\"url\":\"https:\\/\\/ml5psubhxdln.i.optimole.com\\/cb:0e0_.b970\\/w:897\\/h:278\\/q:mauto\\/ig:avif\\/https:\\/\\/migflug.com\\/afterburner\\/wp-content\\/uploads\\/sites\\/4\\/2026\\/06\\/MIGFLUG_LOGO-no-background.png\",\"contentUrl\":\"https:\\/\\/ml5psubhxdln.i.optimole.com\\/cb:0e0_.b970\\/w:897\\/h:278\\/q:mauto\\/ig:avif\\/https:\\/\\/migflug.com\\/afterburner\\/wp-content\\/uploads\\/sites\\/4\\/2026\\/06\\/MIGFLUG_LOGO-no-background.png\",\"width\":897,\"height\":278,\"caption\":\"MiGFlug GmbH\"},\"image\":{\"@id\":\"https:\\\/\\\/migflug.com\\\/afterburner\\\/it\\\/#\\\/schema\\\/logo\\\/image\\\/\"},\"sameAs\":[\"https:\\\/\\\/www.facebook.com\\\/MiGFlug\\\/\",\"https:\\\/\\\/x.com\\\/migflug\",\"https:\\\/\\\/www.instagram.com\\\/migflug\\\/\",\"https:\\\/\\\/www.youtube.com\\\/user\\\/MiGFlug\",\"https:\\\/\\\/www.linkedin.com\\\/company\\\/migflug.com\\\/\",\"https:\\\/\\\/www.pinterest.ch\\\/migflug\\\/\"]},{\"@type\":\"Person\",\"@id\":\"https:\\\/\\\/migflug.com\\\/afterburner\\\/it\\\/#\\\/schema\\\/person\\\/8de428a67c070c9b49afaa026328a4e3\",\"name\":\"Fortun\u00e9 Leroy\",\"image\":{\"@type\":\"ImageObject\",\"inLanguage\":\"en-US\",\"@id\":\"https:\\\/\\\/secure.gravatar.com\\\/avatar\\\/24d828074a1cc6684638b2dcfc98a9dd85a2e06b37adfd74d20fae209f234190?s=96&d=mm&r=g\",\"url\":\"https:\\\/\\\/secure.gravatar.com\\\/avatar\\\/24d828074a1cc6684638b2dcfc98a9dd85a2e06b37adfd74d20fae209f234190?s=96&d=mm&r=g\",\"contentUrl\":\"https:\\\/\\\/secure.gravatar.com\\\/avatar\\\/24d828074a1cc6684638b2dcfc98a9dd85a2e06b37adfd74d20fae209f234190?s=96&d=mm&r=g\",\"caption\":\"Fortun\u00e9 Leroy\"},\"description\":\"Fortun\u00e9 Leroy covers French and European aerospace, from Rafale and Airbus to NATO strategy and the continent\u2019s defence industry.\",\"url\":\"https:\\\/\\\/migflug.com\\\/afterburner\\\/de\\\/author\\\/fortuneleroy\\\/\"}]}<\/script>\n<!-- \/ Yoast SEO plugin. -->","yoast_head_json":{"title":"Stolen Cessna, Scrambled Gripens: Hungary&rsquo;s Paks Alert","description":"A man flew a stolen Cessna toward Hungary&rsquo;s Paks nuclear plant on 29 August 2026, and two Air Force Gripens scrambled. Here is what happened.","robots":{"index":"index","follow":"follow","max-snippet":"max-snippet:-1","max-image-preview":"max-image-preview:large","max-video-preview":"max-video-preview:-1"},"canonical":"https:\/\/migflug.com\/afterburner\/de\/hungary-gripen-scramble-stolen-cessna-paks-2026\/","og_locale":"de_DE","og_type":"article","og_title":"Stolen Cessna, Scrambled Gripens: Hungary&rsquo;s Paks Alert","og_description":"A man flew a stolen Cessna toward Hungary&rsquo;s Paks nuclear plant on 29 August 2026, and two Air Force Gripens scrambled. Here is what happened.","og_url":"https:\/\/migflug.com\/afterburner\/de\/hungary-gripen-scramble-stolen-cessna-paks-2026\/","og_site_name":"Afterburner - MiGFlug's Magazine","article_publisher":"https:\/\/www.facebook.com\/MiGFlug\/","article_published_time":"2026-08-31T08:28:46+00:00","article_modified_time":"2026-08-31T08:31:34+00:00","og_image":[{"width":1280,"height":931,"url":"https:\/\/ml5psubhxdln.i.optimole.com\/cb:-h56.d006\/w:auto\/h:auto\/q:mauto\/ig:avif\/https:\/\/migflug.com\/afterburner\/wp-content\/uploads\/sites\/4\/2026\/08\/huaf-gripen-jas39c-featured.jpg","type":"image\/jpeg"}],"author":"Fortun\u00e9 Leroy","twitter_card":"summary_large_image","twitter_creator":"@migflug","twitter_site":"@migflug","twitter_misc":{"Written by":"Fortun\u00e9 Leroy","Est. reading time":"5 minutes"},"schema":{"@context":"https:\/\/schema.org","@graph":[{"@type":"Article","@id":"https:\/\/migflug.com\/afterburner\/hungary-gripen-scramble-stolen-cessna-paks-2026\/#article","isPartOf":{"@id":"https:\/\/migflug.com\/afterburner\/hungary-gripen-scramble-stolen-cessna-paks-2026\/"},"author":{"name":"Fortun\u00e9 Leroy","@id":"https:\/\/migflug.com\/afterburner\/it\/#\/schema\/person\/8de428a67c070c9b49afaa026328a4e3"},"headline":"Hungary Scrambles Gripens as Stolen Cessna Flies Toward Paks","datePublished":"2026-08-31T08:28:46+00:00","dateModified":"2026-08-31T08:31:34+00:00","mainEntityOfPage":{"@id":"https:\/\/migflug.com\/afterburner\/hungary-gripen-scramble-stolen-cessna-paks-2026\/"},"wordCount":797,"commentCount":0,"publisher":{"@id":"https:\/\/migflug.com\/afterburner\/it\/#organization"},"image":{"@id":"https:\/\/migflug.com\/afterburner\/hungary-gripen-scramble-stolen-cessna-paks-2026\/#primaryimage"},"thumbnailUrl":"https:\/\/ml5psubhxdln.i.optimole.com\/cb:-h56.d006\/w:auto\/h:auto\/q:mauto\/ig:avif\/https:\/\/migflug.com\/afterburner\/wp-content\/uploads\/sites\/4\/2026\/08\/huaf-gripen-jas39c-featured.jpg","articleSection":["Aviation World","Military Aviation","News"],"inLanguage":"en-US","potentialAction":[{"@type":"CommentAction","name":"Comment","target":["https:\/\/migflug.com\/afterburner\/hungary-gripen-scramble-stolen-cessna-paks-2026\/#respond"]}]},{"@type":"WebPage","@id":"https:\/\/migflug.com\/afterburner\/hungary-gripen-scramble-stolen-cessna-paks-2026\/","url":"https:\/\/migflug.com\/afterburner\/hungary-gripen-scramble-stolen-cessna-paks-2026\/","name":"Stolen Cessna, Scrambled Gripens: Hungary&rsquo;s Paks Alert","isPartOf":{"@id":"https:\/\/migflug.com\/afterburner\/it\/#website"},"primaryImageOfPage":{"@id":"https:\/\/migflug.com\/afterburner\/hungary-gripen-scramble-stolen-cessna-paks-2026\/#primaryimage"},"image":{"@id":"https:\/\/migflug.com\/afterburner\/hungary-gripen-scramble-stolen-cessna-paks-2026\/#primaryimage"},"thumbnailUrl":"https:\/\/ml5psubhxdln.i.optimole.com\/cb:-h56.d006\/w:auto\/h:auto\/q:mauto\/ig:avif\/https:\/\/migflug.com\/afterburner\/wp-content\/uploads\/sites\/4\/2026\/08\/huaf-gripen-jas39c-featured.jpg","datePublished":"2026-08-31T08:28:46+00:00","dateModified":"2026-08-31T08:31:34+00:00","description":"A man flew a stolen Cessna toward Hungary&rsquo;s Paks nuclear plant on 29 August 2026, and two Air Force Gripens scrambled. Here is what happened.","breadcrumb":{"@id":"https:\/\/migflug.com\/afterburner\/hungary-gripen-scramble-stolen-cessna-paks-2026\/#breadcrumb"},"inLanguage":"en-US","potentialAction":[{"@type":"ReadAction","target":["https:\/\/migflug.com\/afterburner\/hungary-gripen-scramble-stolen-cessna-paks-2026\/"]}]},{"@type":"ImageObject","inLanguage":"en-US","@id":"https:\/\/migflug.com\/afterburner\/hungary-gripen-scramble-stolen-cessna-paks-2026\/#primaryimage","url":"https:\/\/ml5psubhxdln.i.optimole.com\/cb:-h56.d006\/w:auto\/h:auto\/q:mauto\/ig:avif\/https:\/\/migflug.com\/afterburner\/wp-content\/uploads\/sites\/4\/2026\/08\/huaf-gripen-jas39c-featured.jpg","contentUrl":"https:\/\/ml5psubhxdln.i.optimole.com\/cb:-h56.d006\/w:auto\/h:auto\/q:mauto\/ig:avif\/https:\/\/migflug.com\/afterburner\/wp-content\/uploads\/sites\/4\/2026\/08\/huaf-gripen-jas39c-featured.jpg","width":1280,"height":931,"caption":"Hungarian Air Force Saab JAS-39C Gripen"},{"@type":"BreadcrumbList","@id":"https:\/\/migflug.com\/afterburner\/hungary-gripen-scramble-stolen-cessna-paks-2026\/#breadcrumb","itemListElement":[{"@type":"ListItem","position":1,"name":"Startseite","item":"https:\/\/migflug.com\/afterburner\/it\/"},{"@type":"ListItem","position":2,"name":"Hungary Scrambles Gripens as Stolen Cessna Flies Toward Paks"}]},{"@type":"WebSite","@id":"https:\/\/migflug.com\/afterburner\/it\/#website","url":"https:\/\/migflug.com\/afterburner\/it\/","name":"Afterburner \u2013 MiGFlugs Magazin","description":"F\u00fcr alle, die sich f\u00fcr das Fliegen von Milit\u00e4rjets und verwandte Luftfahrtthemen interessieren.","publisher":{"@id":"https:\/\/migflug.com\/afterburner\/it\/#organization"},"potentialAction":[{"@type":"SearchAction","target":{"@type":"EntryPoint","urlTemplate":"https:\/\/migflug.com\/afterburner\/it\/?s={search_term_string}"},"query-input":{"@type":"PropertyValueSpecification","valueRequired":true,"valueName":"search_term_string"}}],"inLanguage":"en-US"},{"@type":"Organization","@id":"https:\/\/migflug.com\/afterburner\/it\/#organization","name":"MiGFlug GmbH","url":"https:\/\/migflug.com\/afterburner\/it\/","logo":{"@type":"ImageObject","inLanguage":"en-US","@id":"https:\/\/migflug.com\/afterburner\/it\/#\/schema\/logo\/image\/","url":"https:\/\/ml5psubhxdln.i.optimole.com\/cb:0e0_.b970\/w:897\/h:278\/q:mauto\/ig:avif\/https:\/\/migflug.com\/afterburner\/wp-content\/uploads\/sites\/4\/2026\/06\/MIGFLUG_LOGO-no-background.png","contentUrl":"https:\/\/ml5psubhxdln.i.optimole.com\/cb:0e0_.b970\/w:897\/h:278\/q:mauto\/ig:avif\/https:\/\/migflug.com\/afterburner\/wp-content\/uploads\/sites\/4\/2026\/06\/MIGFLUG_LOGO-no-background.png","width":897,"height":278,"caption":"MiGFlug GmbH"},"image":{"@id":"https:\/\/migflug.com\/afterburner\/it\/#\/schema\/logo\/image\/"},"sameAs":["https:\/\/www.facebook.com\/MiGFlug\/","https:\/\/x.com\/migflug","https:\/\/www.instagram.com\/migflug\/","https:\/\/www.youtube.com\/user\/MiGFlug","https:\/\/www.linkedin.com\/company\/migflug.com\/","https:\/\/www.pinterest.ch\/migflug\/"]},{"@type":"Person","@id":"https:\/\/migflug.com\/afterburner\/it\/#\/schema\/person\/8de428a67c070c9b49afaa026328a4e3","name":"Fortun\u00e9 Leroy","image":{"@type":"ImageObject","inLanguage":"en-US","@id":"https:\/\/secure.gravatar.com\/avatar\/24d828074a1cc6684638b2dcfc98a9dd85a2e06b37adfd74d20fae209f234190?s=96&d=mm&r=g","url":"https:\/\/secure.gravatar.com\/avatar\/24d828074a1cc6684638b2dcfc98a9dd85a2e06b37adfd74d20fae209f234190?s=96&d=mm&r=g","contentUrl":"https:\/\/secure.gravatar.com\/avatar\/24d828074a1cc6684638b2dcfc98a9dd85a2e06b37adfd74d20fae209f234190?s=96&d=mm&r=g","caption":"Fortun\u00e9 Leroy"},"description":"Fortun\u00e9 Leroy berichtet \u00fcber die franz\u00f6sische und europ\u00e4ische Luft- und Raumfahrt, von Rafale und Airbus bis hin zur NATO-Strategie und der Verteidigungsindustrie des Kontinents.","url":"https:\/\/migflug.com\/afterburner\/de\/author\/fortuneleroy\/"}]}},"_links":{"self":[{"href":"https:\/\/migflug.com\/afterburner\/de\/wp-json\/wp\/v2\/posts\/18465354","targetHints":{"allow":["GET"]}}],"collection":[{"href":"https:\/\/migflug.com\/afterburner\/de\/wp-json\/wp\/v2\/posts"}],"about":[{"href":"https:\/\/migflug.com\/afterburner\/de\/wp-json\/wp\/v2\/types\/post"}],"author":[{"embeddable":true,"href":"https:\/\/migflug.com\/afterburner\/de\/wp-json\/wp\/v2\/users\/25"}],"replies":[{"embeddable":true,"href":"https:\/\/migflug.com\/afterburner\/de\/wp-json\/wp\/v2\/comments?post=18465354"}],"version-history":[{"count":1,"href":"https:\/\/migflug.com\/afterburner\/de\/wp-json\/wp\/v2\/posts\/18465354\/revisions"}],"predecessor-version":[{"id":18466356,"href":"https:\/\/migflug.com\/afterburner\/de\/wp-json\/wp\/v2\/posts\/18465354\/revisions\/18466356"}],"wp:featuredmedia":[{"embeddable":true,"href":"https:\/\/migflug.com\/afterburner\/de\/wp-json\/wp\/v2\/media\/18464011"}],"wp:attachment":[{"href":"https:\/\/migflug.com\/afterburner\/de\/wp-json\/wp\/v2\/media?parent=18465354"}],"wp:term":[{"taxonomy":"category","embeddable":true,"href":"https:\/\/migflug.com\/afterburner\/de\/wp-json\/wp\/v2\/categories?post=18465354"},{"taxonomy":"post_tag","embeddable":true,"href":"https:\/\/migflug.com\/afterburner\/de\/wp-json\/wp\/v2\/tags?post=18465354"}],"curies":[{"name":"wp","href":"https:\/\/api.w.org\/{rel}","templated":true}]}}