{"id":19682082,"date":"2026-09-03T14:16:35","date_gmt":"2026-09-03T12:16:35","guid":{"rendered":"https:\/\/migflug.com\/afterburner\/short-sc7-skyvan-flying-shoebox\/"},"modified":"2026-09-03T15:49:57","modified_gmt":"2026-09-03T13:49:57","slug":"short-sc7-skyvan-flying-shoebox","status":"publish","type":"post","link":"https:\/\/migflug.com\/afterburner\/de\/short-sc7-skyvan-flying-shoebox\/","title":{"rendered":"Short SC.7 Skyvan: The Flying Shoebox That Refuses to Retire"},"content":{"rendered":"<style>.et_pb_title_container h1.entry-title { padding-top: 40px !important; }<\/style>\r\n\r\n<p>Most aeroplanes are shaped by aerodynamics. The Short Skyvan was shaped by what would fit inside it.<\/p>\r\n\r\n<p>Short Brothers started from the cargo and worked outwards: a square-section fuselage of constant cross-section, running straight back to a full-width rear ramp, with the wing braced above it on a single strut per side so nothing intruded on the floor. Wikipedia describes the result as resembling a railroad boxcar, which is exactly right and exactly the point.<\/p>\r\n\r\n<p>Sixty years later they are still working, because nothing else does the job quite as well.<\/p>\r\n\r\n\r\n<div style=\"background:#f5f5f5;padding:20px 22px;margin:24px 0;font-size:15px;line-height:1.8\"><p style=\"margin:0 0 10px;font-weight:600;font-size:17px\">Quick Facts<\/p><p style=\"margin:4px 0\"><strong>First flight:<\/strong> prototype G-ASCN, 17 January 1963, from Sydenham, Belfast<\/p><p style=\"margin:4px 0\"><strong>Engines:<\/strong> piston at first, then Turbomeca Astazou, finally Garrett TPE331 turboprops from 1968<\/p><p style=\"margin:4px 0\"><strong>Wingspan:<\/strong> 19.79 m; length 12.21 m<\/p><p style=\"margin:4px 0\"><strong>Capacity:<\/strong> 19 passengers, or around 4,500 lb of freight, or 20 skydivers<\/p><p style=\"margin:4px 0\"><strong>Take-off run:<\/strong> under 500 m to clear 15 m<\/p><p style=\"margin:4px 0\"><strong>Built:<\/strong> 149, production ending in 1986<\/p><p style=\"margin:4px 0\"><strong>Descendants:<\/strong> the Short 330, and from that the Short 360 and the C-23 Sherpa<\/p><p style=\"margin:4px 0\"><strong>Nickname:<\/strong> the Flying Shoebox<\/p><\/div>\r\n\r\n\r\n<h2 style=\"padding-top:22px\">It began with somebody else&rsquo;s wing<\/h2>\r\n\r\n<p>In 1958 F. G. Miles Ltd approached Short Brothers looking for backing on a design called the HDM.106 Caravan. That aircraft descended from the HDM.105, which was a Miles Aerovan fuselage fitted with an enormous high-aspect-ratio wing developed by the French firm Hurel-Dubois.<\/p>\r\n\r\n<p>Short turned the Caravan down, bought the design work and the flight-test data, and used what they had learned to build their own aircraft. So the Skyvan&rsquo;s lineage runs back to the Aerovan, but by inheritance rather than descent.<\/p>\r\n\r\n<p>The prototype flew from Belfast in January 1963 on piston engines. Turboprops arrived later that year, and the aircraft went through two of them &mdash; the Astazou turned out to lose performance at altitude in hot conditions &mdash; before settling in 1968 on the Garrett TPE331, which is what almost every surviving Skyvan flies behind today.<\/p>\r\n\r\n\r\n<figure class=\"wp-block-image size-large\" style=\"margin:0 0 24px;width:100%\"><img data-opt-id=1232776387  fetchpriority=\"high\" decoding=\"async\" class=\"skip-lazy\" data-no-lazy=\"1\" loading=\"eager\" width=\"1024\" src=\"https:\/\/ml5psubhxdln.i.optimole.com\/cb:0e0_.b970\/w:auto\/h:auto\/q:mauto\/ig:avif\/https:\/\/migflug.com\/afterburner\/wp-content\/uploads\/sites\/4\/2026\/09\/short-skyvan-g-beol-riat-fairford.jpg\" alt=\"A Short Skyvan SC.7 at the Royal International Air Tattoo\" style=\"width:100%;height:auto;max-width:100%;display:block\"><figcaption style=\"font-size:13px;color:#777;text-align:center;margin-top:6px;font-style:italic\">G-BEOL, built in 1977, at Fairford. The slab sides and constant cross-section are the whole design philosophy in one photograph. Photo: Adrian Pingstone, public domain<\/figcaption><\/figure>\r\n<h2 style=\"padding-top:22px\">The mountains of Dhofar<\/h2>\r\n\r\n<p>Oman became the largest military operator, taking sixteen. During the Dhofar War the Sultan of Oman&rsquo;s Air Force used Skyvans to resupply positions on mountain tops that nothing else could reach &mdash; the first landing on the newly cleared airstrip at Simba came on 19 April 1972.<\/p>\r\n\r\n<p>That is the Skyvan&rsquo;s natural habitat: short, rough, high, hot, and a long way from a paved runway. Civil operators used it the same way, from Loganair in the Scottish islands to Wien Consolidated in Alaska.<\/p>\r\n\r\n<p>Not everyone found it a refined experience.<\/p>\r\n\r\n\r\n<div style=\"background:#f8f9fa;border-left:4px solid #5C91FF;padding:20px 22px;margin:18px 0 24px;font-size:16px;line-height:1.7\"><em>&ldquo;I grew up in South Belfast and remember the &lsquo;cornflakes box with wings&rsquo; as we called it. I flew in a few of them over the years as a passenger and boy were they noisey.&rdquo;<\/em><div style=\"margin-top:10px;font-size:14px;color:#555\"><strong>Ciaran Gorman<\/strong> &mdash; Former passenger, in a reader comment to BBC Northern Ireland&rsquo;s \"Your Place and Mine\", 2007<\/div><\/div>\r\n<h2 style=\"padding-top:22px\">Why skydivers will not let it die<\/h2>\r\n\r\n<p>The Skyvan has one feature that almost no other aircraft in its class offers: a full-width ramp at the back, with twin fins set outboard so the airflow behind it is clean. Twenty jumpers can walk out of it together, standing upright, in formation, without threading themselves through a door one at a time.<\/p>\r\n\r\n\r\n<figure class=\"wp-block-image size-large\" style=\"margin:0 0 24px;width:100%\"><img data-opt-id=1776477058  fetchpriority=\"high\" decoding=\"async\" class=\"skip-lazy\" data-no-lazy=\"1\" loading=\"eager\" width=\"1024\" src=\"https:\/\/ml5psubhxdln.i.optimole.com\/cb:0e0_.b970\/w:auto\/h:auto\/q:mauto\/ig:avif\/https:\/\/migflug.com\/afterburner\/wp-content\/uploads\/sites\/4\/2026\/09\/skyvan-interior-skydiving-configuration.jpg\" alt=\"The cabin of a Skyvan configured for skydiving\" style=\"width:100%;height:auto;max-width:100%;display:block\"><figcaption style=\"font-size:13px;color:#777;text-align:center;margin-top:6px;font-style:italic\">Inside a Skyvan rigged for jumping. Stand-up height the length of the cabin, and the whole back end opens. Photo: DanNav, CC BY-SA 3.0<\/figcaption><\/figure>\r\n<p>That is why drop zones from California to Poland to Israel still run them, alongside freight operators, mosquito-control flying in Florida, and camera work. Two air forces &mdash; Oman and Guyana &mdash; still fly them as well.<\/p>\r\n\r\n\r\n<div style=\"background:#f8f9fa;border-left:4px solid #5C91FF;padding:20px 22px;margin:18px 0 24px;font-size:16px;line-height:1.7\"><em>&ldquo;While I did not see the program mentioned, I did fly Shorts Skyvan Sc-7s in service of Summit Airlines in Philadelphia, Pennsylvania in 1978-79.&rdquo;<\/em><div style=\"margin-top:10px;font-size:14px;color:#555\"><strong>Robert Stetser<\/strong> &mdash; Former Skyvan pilot with Summit Airlines, Philadelphia, in a reader comment to BBC Northern Ireland, 2004<\/div><\/div>\r\n<h2 style=\"padding-top:22px\">What it turned into<\/h2>\r\n\r\n<p>Short stretched the concept. The Short 330 took the same square section, added span and length and thirty seats, and first flew in August 1974; 141 were built. Stretch that again, swap the twin fins for a single swept one, and you get the Short 360.<\/p>\r\n\r\n<p>Give the 330 a full-width rear ramp back and you get the C-23 Sherpa, which flew for the US Army and Air Force. The whole family descends from a decision to design around a rectangular hole.<\/p>\r\n\r\n<p>Skyvan start-up and departure, which conveys the noise better than any description:<\/p>\r\n\r\n\r\n<div style=\"position:relative;padding-bottom:56.25%;height:0;overflow:hidden;margin:24px 0\"><iframe class=\"skip-lazy\" data-no-lazy=\"1\" loading=\"eager\" src=\"https:\/\/www.youtube.com\/embed\/mZbqFlvVMY8\" style=\"position:absolute;top:0;left:0;width:100%;height:100%;border:0\" allowfullscreen><\/iframe><\/div>\r\n<p>Flying one in Alberta, from the cockpit:<\/p>\r\n\r\n\r\n<div style=\"position:relative;padding-bottom:56.25%;height:0;overflow:hidden;margin:24px 0\"><iframe class=\"skip-lazy\" data-no-lazy=\"1\" loading=\"eager\" src=\"https:\/\/www.youtube.com\/embed\/RHaHDnsNcCY\" style=\"position:absolute;top:0;left:0;width:100%;height:100%;border:0\" allowfullscreen><\/iframe><\/div>\r\n<p>And a short-field departure:<\/p>\r\n\r\n\r\n<div style=\"position:relative;padding-bottom:56.25%;height:0;overflow:hidden;margin:24px 0\"><iframe class=\"skip-lazy\" data-no-lazy=\"1\" loading=\"eager\" src=\"https:\/\/www.youtube.com\/embed\/421F9cE4wxM\" style=\"position:absolute;top:0;left:0;width:100%;height:100%;border:0\" allowfullscreen><\/iframe><\/div>\r\n\n<style>.mfq{margin:34px 0 8px}.mfq h2{font:26px\/1.3 \"Gilroy semiBold\",Helvetica,Arial,sans-serif;color:#0d1117;padding-top:22px;margin:0 0 6px}.mfq .qa details{border-top:1px solid #5C91FF;margin:0;padding:0}.mfq .qa details:last-of-type{border-bottom:1px solid #e2e7ee}.mfq .qa summary{cursor:pointer;list-style:none;display:flex;justify-content:space-between;align-items:center;gap:16px;padding:22px 26px;font:18px\/1.7 \"Gilroy semiBold\",Helvetica,Arial,sans-serif;color:#0d1117}.mfq .qa summary::-webkit-details-marker{display:none}.mfq .qa summary::after{content:\"+\";font:24px Helvetica,sans-serif;color:#3568e0;flex:0 0 auto}.mfq .qa details[open] summary::after{content:\"\\2013\"}.mfq .qa details:hover summary{color:#3568e0}.mfq .qa .a{font:16px\/1.7 \"Gilroy regular\",Helvetica,Arial,sans-serif;color:#454e5e;padding:0 26px 24px}.mfq .qa .a a{color:#3568e0}@media(max-width:680px){.mfq .qa summary{padding:18px 14px;font-size:17px}.mfq .qa .a{padding:0 14px 20px}}<\/style>\n\n\n<section class=\"mfq\"><h2>Frequently Asked Questions<\/h2><div class=\"qa\"><details open><summary>What is the Short SC.7 Skyvan?<\/summary><div class=\"a\">A British twin-turboprop utility aircraft first flown in 1963, designed around cargo volume rather than aerodynamics. It has a square-section fuselage of constant cross-section running back to a full-width rear ramp, and is nicknamed the Flying Shoebox.<\/div><\/details><details><summary>Why is the Skyvan shaped like a box?<\/summary><div class=\"a\">Because Short Brothers started from what needed to fit inside and worked outwards. The wing is braced above the fuselage on a single strut per side so nothing intrudes on the cargo floor, and the cross-section stays constant the whole length of the hold.<\/div><\/details><details><summary>Why do skydivers love the Skyvan?<\/summary><div class=\"a\">Because of the full-width ramp at the back, with twin fins set outboard so the airflow behind it is clean. Twenty jumpers can walk out together, standing upright, in formation, rather than threading through a door one at a time. The cabin is stand-up height throughout.<\/div><\/details><details><summary>How many Skyvans were built?<\/summary><div class=\"a\">149, with production ending in 1986.<\/div><\/details><details><summary>Is the Skyvan still in service?<\/summary><div class=\"a\">Yes. Drop zones from California to Poland to Israel still operate them, alongside freight operators, mosquito-control flying in Florida and camera work. Two air forces, Oman and Guyana, also still fly them.<\/div><\/details><details><summary>What aircraft came from the Skyvan?<\/summary><div class=\"a\">The Short 330, which took the same square section and added span, length and thirty seats. Stretch that and fit a single swept fin and you get the Short 360. Give the 330 a full-width rear ramp and you get the C-23 Sherpa, which flew for the US Army and Air Force.<\/div><\/details><details><summary>Where does the Skyvan design come from?<\/summary><div class=\"a\">Indirectly from the Miles Aerovan. In 1958 F. G. Miles Ltd approached Short about the HDM.106 Caravan, itself derived from an Aerovan fuselage fitted with a Hurel-Dubois high-aspect-ratio wing. Short declined the Caravan, bought the design work and test data, and built their own aircraft.<\/div><\/details><\/div><\/section>\n\n\n\n<script type=\"application\/ld+json\">{\"@context\":\"https:\/\/schema.org\",\"@type\":\"FAQPage\",\"mainEntity\":[{\"@type\":\"Question\",\"name\":\"What is the Short SC.7 Skyvan?\",\"acceptedAnswer\":{\"@type\":\"Answer\",\"text\":\"A British twin-turboprop utility aircraft first flown in 1963, designed around cargo volume rather than aerodynamics. It has a square-section fuselage of constant cross-section running back to a full-width rear ramp, and is nicknamed the Flying Shoebox.\"}},{\"@type\":\"Question\",\"name\":\"Why is the Skyvan shaped like a box?\",\"acceptedAnswer\":{\"@type\":\"Answer\",\"text\":\"Because Short Brothers started from what needed to fit inside and worked outwards. The wing is braced above the fuselage on a single strut per side so nothing intrudes on the cargo floor, and the cross-section stays constant the whole length of the hold.\"}},{\"@type\":\"Question\",\"name\":\"Why do skydivers love the Skyvan?\",\"acceptedAnswer\":{\"@type\":\"Answer\",\"text\":\"Because of the full-width ramp at the back, with twin fins set outboard so the airflow behind it is clean. Twenty jumpers can walk out together, standing upright, in formation, rather than threading through a door one at a time. The cabin is stand-up height throughout.\"}},{\"@type\":\"Question\",\"name\":\"How many Skyvans were built?\",\"acceptedAnswer\":{\"@type\":\"Answer\",\"text\":\"149, with production ending in 1986.\"}},{\"@type\":\"Question\",\"name\":\"Is the Skyvan still in service?\",\"acceptedAnswer\":{\"@type\":\"Answer\",\"text\":\"Yes. Drop zones from California to Poland to Israel still operate them, alongside freight operators, mosquito-control flying in Florida and camera work. Two air forces, Oman and Guyana, also still fly them.\"}},{\"@type\":\"Question\",\"name\":\"What aircraft came from the Skyvan?\",\"acceptedAnswer\":{\"@type\":\"Answer\",\"text\":\"The Short 330, which took the same square section and added span, length and thirty seats. Stretch that and fit a single swept fin and you get the Short 360. Give the 330 a full-width rear ramp and you get the C-23 Sherpa, which flew for the US Army and Air Force.\"}},{\"@type\":\"Question\",\"name\":\"Where does the Skyvan design come from?\",\"acceptedAnswer\":{\"@type\":\"Answer\",\"text\":\"Indirectly from the Miles Aerovan. In 1958 F. G. Miles Ltd approached Short about the HDM.106 Caravan, itself derived from an Aerovan fuselage fitted with a Hurel-Dubois high-aspect-ratio wing. Short declined the Caravan, bought the design work and test data, and built their own aircraft.\"}}]}<\/script><p><em>Sources: Barnes and James, Shorts Aircraft since 1900; Jane&rsquo;s Civil and Military Aircraft Upgrades 1994-95; Vintage Aviation News; BBC Northern Ireland, \"Your Place and Mine\".<\/em><\/p>\r\n\r\n\r\n<div style=\"background:#f0f4ff;border-left:4px solid #5C91FF;padding:16px 20px;margin:32px 0 8px\"><p style=\"margin:0 0 8px;font-weight:600;color:#333\">Related Posts<\/p><p style=\"margin:4px 0\"><a href=\"https:\/\/migflug.com\/afterburner\/aviation-traders-carvair-car-ferry-aircraft\/\">The Plane You Drove Your Car Into<\/a><\/p><p style=\"margin:4px 0\"><a href=\"https:\/\/migflug.com\/afterburner\/blackburn-beverley-flying-box-transport\/\">The Flying Box That Swallowed Anything<\/a><\/p><p style=\"margin:4px 0\"><a href=\"https:\/\/migflug.com\/afterburner\/edgley-ea-7-optica-bug-eye-observation-aircraft-britain\/\">Edgley Optica: The Bug-Eye Observation Plane<\/a><\/p><\/div>\r\n","protected":false},"excerpt":{"rendered":"<p>Short Brothers designed the Skyvan around a rectangular hole. Sixty years on, skydivers and freight operators still fly it because nothing else opens at the back like it does.<\/p>","protected":false},"author":25,"featured_media":19681674,"comment_status":"open","ping_status":"open","sticky":false,"template":"","format":"standard","meta":{"editor_notices":[],"footnotes":""},"categories":[665,666],"tags":[],"class_list":["post-19682082","post","type-post","status-publish","format-standard","has-post-thumbnail","hentry","category-aviation-world","category-history-and-legends"],"yoast_head":"<!-- This site is optimized with the Yoast SEO plugin v28.4 - https:\/\/yoast.com\/product\/yoast-seo-wordpress\/ -->\n<title>Short SC.7 Skyvan: The Flying Shoebox | MiGFlug<\/title>\n<meta name=\"description\" content=\"Short Brothers designed the Skyvan around a rectangular hole. Sixty years on, skydivers and freight operators still fly the Flying Shoebox.\" \/>\n<meta name=\"robots\" content=\"index, follow, max-snippet:-1, max-image-preview:large, max-video-preview:-1\" \/>\n<link rel=\"canonical\" href=\"https:\/\/migflug.com\/afterburner\/de\/short-sc7-skyvan-flying-shoebox\/\" \/>\n<meta property=\"og:locale\" content=\"de_DE\" \/>\n<meta property=\"og:type\" content=\"article\" \/>\n<meta property=\"og:title\" content=\"Short SC.7 Skyvan: The Flying Shoebox | MiGFlug\" \/>\n<meta property=\"og:description\" content=\"Short Brothers designed the Skyvan around a rectangular hole. Sixty years on, skydivers and freight operators still fly the Flying Shoebox.\" \/>\n<meta property=\"og:url\" content=\"https:\/\/migflug.com\/afterburner\/de\/short-sc7-skyvan-flying-shoebox\/\" \/>\n<meta property=\"og:site_name\" content=\"Afterburner - MiGFlug&#039;s Magazine\" \/>\n<meta property=\"article:publisher\" content=\"https:\/\/www.facebook.com\/MiGFlug\/\" \/>\n<meta property=\"article:published_time\" content=\"2026-09-03T12:16:35+00:00\" \/>\n<meta property=\"article:modified_time\" content=\"2026-09-03T13:49:57+00:00\" \/>\n<meta property=\"og:image\" content=\"https:\/\/ml5psubhxdln.i.optimole.com\/cb:0e0_.b970\/w:auto\/h:auto\/q:mauto\/ig:avif\/https:\/\/migflug.com\/afterburner\/wp-content\/uploads\/sites\/4\/2026\/09\/short-sc7-skyvan-air-to-air-arizona.jpg\" \/>\n\t<meta property=\"og:image:width\" content=\"1280\" \/>\n\t<meta property=\"og:image:height\" content=\"854\" \/>\n\t<meta property=\"og:image:type\" content=\"image\/jpeg\" \/>\n<meta name=\"author\" content=\"Fortun\u00e9 Leroy\" \/>\n<meta name=\"twitter:card\" content=\"summary_large_image\" \/>\n<meta name=\"twitter:creator\" content=\"@migflug\" \/>\n<meta name=\"twitter:site\" content=\"@migflug\" \/>\n<meta name=\"twitter:label1\" content=\"Written by\" \/>\n\t<meta name=\"twitter:data1\" content=\"Fortun\u00e9 Leroy\" \/>\n\t<meta name=\"twitter:label2\" content=\"Est. reading time\" \/>\n\t<meta name=\"twitter:data2\" content=\"6 minutes\" \/>\n<script type=\"application\/ld+json\" class=\"yoast-schema-graph\">{\"@context\":\"https:\\\/\\\/schema.org\",\"@graph\":[{\"@type\":\"Article\",\"@id\":\"https:\\\/\\\/migflug.com\\\/afterburner\\\/short-sc7-skyvan-flying-shoebox\\\/#article\",\"isPartOf\":{\"@id\":\"https:\\\/\\\/migflug.com\\\/afterburner\\\/short-sc7-skyvan-flying-shoebox\\\/\"},\"author\":{\"name\":\"Fortun\u00e9 Leroy\",\"@id\":\"https:\\\/\\\/migflug.com\\\/afterburner\\\/it\\\/#\\\/schema\\\/person\\\/8de428a67c070c9b49afaa026328a4e3\"},\"headline\":\"Short SC.7 Skyvan: The Flying Shoebox That Refuses to Retire\",\"datePublished\":\"2026-09-03T12:16:35+00:00\",\"dateModified\":\"2026-09-03T13:49:57+00:00\",\"mainEntityOfPage\":{\"@id\":\"https:\\\/\\\/migflug.com\\\/afterburner\\\/short-sc7-skyvan-flying-shoebox\\\/\"},\"wordCount\":1105,\"commentCount\":0,\"publisher\":{\"@id\":\"https:\\\/\\\/migflug.com\\\/afterburner\\\/it\\\/#organization\"},\"image\":{\"@id\":\"https:\\\/\\\/migflug.com\\\/afterburner\\\/short-sc7-skyvan-flying-shoebox\\\/#primaryimage\"},\"thumbnailUrl\":\"https:\\/\\/migflug.com\\/afterburner\\/wp-content\\/uploads\\/sites\\/4\\/2026\\/09\\/short-sc7-skyvan-air-to-air-arizona.jpg\",\"articleSection\":[\"Aviation World\",\"History &amp; Legends\"],\"inLanguage\":\"en-US\",\"potentialAction\":[{\"@type\":\"CommentAction\",\"name\":\"Comment\",\"target\":[\"https:\\\/\\\/migflug.com\\\/afterburner\\\/short-sc7-skyvan-flying-shoebox\\\/#respond\"]}]},{\"@type\":\"WebPage\",\"@id\":\"https:\\\/\\\/migflug.com\\\/afterburner\\\/short-sc7-skyvan-flying-shoebox\\\/\",\"url\":\"https:\\\/\\\/migflug.com\\\/afterburner\\\/short-sc7-skyvan-flying-shoebox\\\/\",\"name\":\"Short SC.7 Skyvan: The Flying Shoebox | MiGFlug\",\"isPartOf\":{\"@id\":\"https:\\\/\\\/migflug.com\\\/afterburner\\\/it\\\/#website\"},\"primaryImageOfPage\":{\"@id\":\"https:\\\/\\\/migflug.com\\\/afterburner\\\/short-sc7-skyvan-flying-shoebox\\\/#primaryimage\"},\"image\":{\"@id\":\"https:\\\/\\\/migflug.com\\\/afterburner\\\/short-sc7-skyvan-flying-shoebox\\\/#primaryimage\"},\"thumbnailUrl\":\"https:\\/\\/migflug.com\\/afterburner\\/wp-content\\/uploads\\/sites\\/4\\/2026\\/09\\/short-sc7-skyvan-air-to-air-arizona.jpg\",\"datePublished\":\"2026-09-03T12:16:35+00:00\",\"dateModified\":\"2026-09-03T13:49:57+00:00\",\"description\":\"Short Brothers designed the Skyvan around a rectangular hole. Sixty years on, skydivers and freight operators still fly the Flying Shoebox.\",\"breadcrumb\":{\"@id\":\"https:\\\/\\\/migflug.com\\\/afterburner\\\/short-sc7-skyvan-flying-shoebox\\\/#breadcrumb\"},\"inLanguage\":\"en-US\",\"potentialAction\":[{\"@type\":\"ReadAction\",\"target\":[\"https:\\\/\\\/migflug.com\\\/afterburner\\\/short-sc7-skyvan-flying-shoebox\\\/\"]}]},{\"@type\":\"ImageObject\",\"inLanguage\":\"en-US\",\"@id\":\"https:\\\/\\\/migflug.com\\\/afterburner\\\/short-sc7-skyvan-flying-shoebox\\\/#primaryimage\",\"url\":\"https:\\/\\/migflug.com\\/afterburner\\/wp-content\\/uploads\\/sites\\/4\\/2026\\/09\\/short-sc7-skyvan-air-to-air-arizona.jpg\",\"contentUrl\":\"https:\\/\\/migflug.com\\/afterburner\\/wp-content\\/uploads\\/sites\\/4\\/2026\\/09\\/short-sc7-skyvan-air-to-air-arizona.jpg\",\"width\":1280,\"height\":854,\"caption\":\"N192WW SHORTS SC 7 SKYVAN air to air photography over the Superstition Mountains Arizona\"},{\"@type\":\"BreadcrumbList\",\"@id\":\"https:\\\/\\\/migflug.com\\\/afterburner\\\/short-sc7-skyvan-flying-shoebox\\\/#breadcrumb\",\"itemListElement\":[{\"@type\":\"ListItem\",\"position\":1,\"name\":\"Startseite\",\"item\":\"https:\\\/\\\/migflug.com\\\/afterburner\\\/it\\\/\"},{\"@type\":\"ListItem\",\"position\":2,\"name\":\"Short SC.7 Skyvan: The Flying Shoebox That Refuses to Retire\"}]},{\"@type\":\"WebSite\",\"@id\":\"https:\\\/\\\/migflug.com\\\/afterburner\\\/it\\\/#website\",\"url\":\"https:\\\/\\\/migflug.com\\\/afterburner\\\/it\\\/\",\"name\":\"Afterburner - MiGFlug's Magazine\",\"description\":\"for those interested in flying military jets and aviation related  topics\",\"publisher\":{\"@id\":\"https:\\\/\\\/migflug.com\\\/afterburner\\\/it\\\/#organization\"},\"potentialAction\":[{\"@type\":\"SearchAction\",\"target\":{\"@type\":\"EntryPoint\",\"urlTemplate\":\"https:\\\/\\\/migflug.com\\\/afterburner\\\/it\\\/?s={search_term_string}\"},\"query-input\":{\"@type\":\"PropertyValueSpecification\",\"valueRequired\":true,\"valueName\":\"search_term_string\"}}],\"inLanguage\":\"en-US\"},{\"@type\":\"Organization\",\"@id\":\"https:\\\/\\\/migflug.com\\\/afterburner\\\/it\\\/#organization\",\"name\":\"MiGFlug GmbH\",\"url\":\"https:\\\/\\\/migflug.com\\\/afterburner\\\/it\\\/\",\"logo\":{\"@type\":\"ImageObject\",\"inLanguage\":\"en-US\",\"@id\":\"https:\\\/\\\/migflug.com\\\/afterburner\\\/it\\\/#\\\/schema\\\/logo\\\/image\\\/\",\"url\":\"https:\\/\\/ml5psubhxdln.i.optimole.com\\/cb:0e0_.b970\\/w:897\\/h:278\\/q:mauto\\/ig:avif\\/https:\\/\\/migflug.com\\/afterburner\\/wp-content\\/uploads\\/sites\\/4\\/2026\\/06\\/MIGFLUG_LOGO-no-background.png\",\"contentUrl\":\"https:\\/\\/ml5psubhxdln.i.optimole.com\\/cb:0e0_.b970\\/w:897\\/h:278\\/q:mauto\\/ig:avif\\/https:\\/\\/migflug.com\\/afterburner\\/wp-content\\/uploads\\/sites\\/4\\/2026\\/06\\/MIGFLUG_LOGO-no-background.png\",\"width\":897,\"height\":278,\"caption\":\"MiGFlug GmbH\"},\"image\":{\"@id\":\"https:\\\/\\\/migflug.com\\\/afterburner\\\/it\\\/#\\\/schema\\\/logo\\\/image\\\/\"},\"sameAs\":[\"https:\\\/\\\/www.facebook.com\\\/MiGFlug\\\/\",\"https:\\\/\\\/x.com\\\/migflug\",\"https:\\\/\\\/www.instagram.com\\\/migflug\\\/\",\"https:\\\/\\\/www.youtube.com\\\/user\\\/MiGFlug\",\"https:\\\/\\\/www.linkedin.com\\\/company\\\/migflug.com\\\/\",\"https:\\\/\\\/www.pinterest.ch\\\/migflug\\\/\"]},{\"@type\":\"Person\",\"@id\":\"https:\\\/\\\/migflug.com\\\/afterburner\\\/it\\\/#\\\/schema\\\/person\\\/8de428a67c070c9b49afaa026328a4e3\",\"name\":\"Fortun\u00e9 Leroy\",\"image\":{\"@type\":\"ImageObject\",\"inLanguage\":\"en-US\",\"@id\":\"https:\\\/\\\/secure.gravatar.com\\\/avatar\\\/24d828074a1cc6684638b2dcfc98a9dd85a2e06b37adfd74d20fae209f234190?s=96&d=mm&r=g\",\"url\":\"https:\\\/\\\/secure.gravatar.com\\\/avatar\\\/24d828074a1cc6684638b2dcfc98a9dd85a2e06b37adfd74d20fae209f234190?s=96&d=mm&r=g\",\"contentUrl\":\"https:\\\/\\\/secure.gravatar.com\\\/avatar\\\/24d828074a1cc6684638b2dcfc98a9dd85a2e06b37adfd74d20fae209f234190?s=96&d=mm&r=g\",\"caption\":\"Fortun\u00e9 Leroy\"},\"description\":\"Fortun\u00e9 Leroy covers French and European aerospace, from Rafale and Airbus to NATO strategy and the continent\u2019s defence industry.\",\"url\":\"https:\\\/\\\/migflug.com\\\/afterburner\\\/de\\\/author\\\/fortuneleroy\\\/\"}]}<\/script>\n<!-- \/ Yoast SEO plugin. -->","yoast_head_json":{"title":"Short SC.7 Skyvan: The Flying Shoebox | MiGFlug","description":"Short Brothers designed the Skyvan around a rectangular hole. Sixty years on, skydivers and freight operators still fly the Flying Shoebox.","robots":{"index":"index","follow":"follow","max-snippet":"max-snippet:-1","max-image-preview":"max-image-preview:large","max-video-preview":"max-video-preview:-1"},"canonical":"https:\/\/migflug.com\/afterburner\/de\/short-sc7-skyvan-flying-shoebox\/","og_locale":"de_DE","og_type":"article","og_title":"Short SC.7 Skyvan: The Flying Shoebox | MiGFlug","og_description":"Short Brothers designed the Skyvan around a rectangular hole. Sixty years on, skydivers and freight operators still fly the Flying Shoebox.","og_url":"https:\/\/migflug.com\/afterburner\/de\/short-sc7-skyvan-flying-shoebox\/","og_site_name":"Afterburner - MiGFlug's Magazine","article_publisher":"https:\/\/www.facebook.com\/MiGFlug\/","article_published_time":"2026-09-03T12:16:35+00:00","article_modified_time":"2026-09-03T13:49:57+00:00","og_image":[{"width":1280,"height":854,"url":"https:\/\/ml5psubhxdln.i.optimole.com\/cb:0e0_.b970\/w:auto\/h:auto\/q:mauto\/ig:avif\/https:\/\/migflug.com\/afterburner\/wp-content\/uploads\/sites\/4\/2026\/09\/short-sc7-skyvan-air-to-air-arizona.jpg","type":"image\/jpeg"}],"author":"Fortun\u00e9 Leroy","twitter_card":"summary_large_image","twitter_creator":"@migflug","twitter_site":"@migflug","twitter_misc":{"Written by":"Fortun\u00e9 Leroy","Est. reading time":"6 minutes"},"schema":{"@context":"https:\/\/schema.org","@graph":[{"@type":"Article","@id":"https:\/\/migflug.com\/afterburner\/short-sc7-skyvan-flying-shoebox\/#article","isPartOf":{"@id":"https:\/\/migflug.com\/afterburner\/short-sc7-skyvan-flying-shoebox\/"},"author":{"name":"Fortun\u00e9 Leroy","@id":"https:\/\/migflug.com\/afterburner\/it\/#\/schema\/person\/8de428a67c070c9b49afaa026328a4e3"},"headline":"Short SC.7 Skyvan: The Flying Shoebox That Refuses to Retire","datePublished":"2026-09-03T12:16:35+00:00","dateModified":"2026-09-03T13:49:57+00:00","mainEntityOfPage":{"@id":"https:\/\/migflug.com\/afterburner\/short-sc7-skyvan-flying-shoebox\/"},"wordCount":1105,"commentCount":0,"publisher":{"@id":"https:\/\/migflug.com\/afterburner\/it\/#organization"},"image":{"@id":"https:\/\/migflug.com\/afterburner\/short-sc7-skyvan-flying-shoebox\/#primaryimage"},"thumbnailUrl":"https:\/\/ml5psubhxdln.i.optimole.com\/cb:0e0_.b970\/w:auto\/h:auto\/q:mauto\/ig:avif\/https:\/\/migflug.com\/afterburner\/wp-content\/uploads\/sites\/4\/2026\/09\/short-sc7-skyvan-air-to-air-arizona.jpg","articleSection":["Aviation World","History &amp; Legends"],"inLanguage":"en-US","potentialAction":[{"@type":"CommentAction","name":"Comment","target":["https:\/\/migflug.com\/afterburner\/short-sc7-skyvan-flying-shoebox\/#respond"]}]},{"@type":"WebPage","@id":"https:\/\/migflug.com\/afterburner\/short-sc7-skyvan-flying-shoebox\/","url":"https:\/\/migflug.com\/afterburner\/short-sc7-skyvan-flying-shoebox\/","name":"Short SC.7 Skyvan: The Flying Shoebox | MiGFlug","isPartOf":{"@id":"https:\/\/migflug.com\/afterburner\/it\/#website"},"primaryImageOfPage":{"@id":"https:\/\/migflug.com\/afterburner\/short-sc7-skyvan-flying-shoebox\/#primaryimage"},"image":{"@id":"https:\/\/migflug.com\/afterburner\/short-sc7-skyvan-flying-shoebox\/#primaryimage"},"thumbnailUrl":"https:\/\/ml5psubhxdln.i.optimole.com\/cb:0e0_.b970\/w:auto\/h:auto\/q:mauto\/ig:avif\/https:\/\/migflug.com\/afterburner\/wp-content\/uploads\/sites\/4\/2026\/09\/short-sc7-skyvan-air-to-air-arizona.jpg","datePublished":"2026-09-03T12:16:35+00:00","dateModified":"2026-09-03T13:49:57+00:00","description":"Short Brothers designed the Skyvan around a rectangular hole. Sixty years on, skydivers and freight operators still fly the Flying Shoebox.","breadcrumb":{"@id":"https:\/\/migflug.com\/afterburner\/short-sc7-skyvan-flying-shoebox\/#breadcrumb"},"inLanguage":"en-US","potentialAction":[{"@type":"ReadAction","target":["https:\/\/migflug.com\/afterburner\/short-sc7-skyvan-flying-shoebox\/"]}]},{"@type":"ImageObject","inLanguage":"en-US","@id":"https:\/\/migflug.com\/afterburner\/short-sc7-skyvan-flying-shoebox\/#primaryimage","url":"https:\/\/ml5psubhxdln.i.optimole.com\/cb:0e0_.b970\/w:auto\/h:auto\/q:mauto\/ig:avif\/https:\/\/migflug.com\/afterburner\/wp-content\/uploads\/sites\/4\/2026\/09\/short-sc7-skyvan-air-to-air-arizona.jpg","contentUrl":"https:\/\/ml5psubhxdln.i.optimole.com\/cb:0e0_.b970\/w:auto\/h:auto\/q:mauto\/ig:avif\/https:\/\/migflug.com\/afterburner\/wp-content\/uploads\/sites\/4\/2026\/09\/short-sc7-skyvan-air-to-air-arizona.jpg","width":1280,"height":854,"caption":"N192WW SHORTS SC 7 SKYVAN air to air photography over the Superstition Mountains Arizona"},{"@type":"BreadcrumbList","@id":"https:\/\/migflug.com\/afterburner\/short-sc7-skyvan-flying-shoebox\/#breadcrumb","itemListElement":[{"@type":"ListItem","position":1,"name":"Startseite","item":"https:\/\/migflug.com\/afterburner\/it\/"},{"@type":"ListItem","position":2,"name":"Short SC.7 Skyvan: The Flying Shoebox That Refuses to Retire"}]},{"@type":"WebSite","@id":"https:\/\/migflug.com\/afterburner\/it\/#website","url":"https:\/\/migflug.com\/afterburner\/it\/","name":"Afterburner \u2013 MiGFlugs Magazin","description":"F\u00fcr alle, die sich f\u00fcr das Fliegen von Milit\u00e4rjets und verwandte Luftfahrtthemen interessieren.","publisher":{"@id":"https:\/\/migflug.com\/afterburner\/it\/#organization"},"potentialAction":[{"@type":"SearchAction","target":{"@type":"EntryPoint","urlTemplate":"https:\/\/migflug.com\/afterburner\/it\/?s={search_term_string}"},"query-input":{"@type":"PropertyValueSpecification","valueRequired":true,"valueName":"search_term_string"}}],"inLanguage":"en-US"},{"@type":"Organization","@id":"https:\/\/migflug.com\/afterburner\/it\/#organization","name":"MiGFlug GmbH","url":"https:\/\/migflug.com\/afterburner\/it\/","logo":{"@type":"ImageObject","inLanguage":"en-US","@id":"https:\/\/migflug.com\/afterburner\/it\/#\/schema\/logo\/image\/","url":"https:\/\/ml5psubhxdln.i.optimole.com\/cb:0e0_.b970\/w:897\/h:278\/q:mauto\/ig:avif\/https:\/\/migflug.com\/afterburner\/wp-content\/uploads\/sites\/4\/2026\/06\/MIGFLUG_LOGO-no-background.png","contentUrl":"https:\/\/ml5psubhxdln.i.optimole.com\/cb:0e0_.b970\/w:897\/h:278\/q:mauto\/ig:avif\/https:\/\/migflug.com\/afterburner\/wp-content\/uploads\/sites\/4\/2026\/06\/MIGFLUG_LOGO-no-background.png","width":897,"height":278,"caption":"MiGFlug GmbH"},"image":{"@id":"https:\/\/migflug.com\/afterburner\/it\/#\/schema\/logo\/image\/"},"sameAs":["https:\/\/www.facebook.com\/MiGFlug\/","https:\/\/x.com\/migflug","https:\/\/www.instagram.com\/migflug\/","https:\/\/www.youtube.com\/user\/MiGFlug","https:\/\/www.linkedin.com\/company\/migflug.com\/","https:\/\/www.pinterest.ch\/migflug\/"]},{"@type":"Person","@id":"https:\/\/migflug.com\/afterburner\/it\/#\/schema\/person\/8de428a67c070c9b49afaa026328a4e3","name":"Fortun\u00e9 Leroy","image":{"@type":"ImageObject","inLanguage":"en-US","@id":"https:\/\/secure.gravatar.com\/avatar\/24d828074a1cc6684638b2dcfc98a9dd85a2e06b37adfd74d20fae209f234190?s=96&d=mm&r=g","url":"https:\/\/secure.gravatar.com\/avatar\/24d828074a1cc6684638b2dcfc98a9dd85a2e06b37adfd74d20fae209f234190?s=96&d=mm&r=g","contentUrl":"https:\/\/secure.gravatar.com\/avatar\/24d828074a1cc6684638b2dcfc98a9dd85a2e06b37adfd74d20fae209f234190?s=96&d=mm&r=g","caption":"Fortun\u00e9 Leroy"},"description":"Fortun\u00e9 Leroy berichtet \u00fcber die franz\u00f6sische und europ\u00e4ische Luft- und Raumfahrt, von Rafale und Airbus bis hin zur NATO-Strategie und der Verteidigungsindustrie des Kontinents.","url":"https:\/\/migflug.com\/afterburner\/de\/author\/fortuneleroy\/"}]}},"_links":{"self":[{"href":"https:\/\/migflug.com\/afterburner\/de\/wp-json\/wp\/v2\/posts\/19682082","targetHints":{"allow":["GET"]}}],"collection":[{"href":"https:\/\/migflug.com\/afterburner\/de\/wp-json\/wp\/v2\/posts"}],"about":[{"href":"https:\/\/migflug.com\/afterburner\/de\/wp-json\/wp\/v2\/types\/post"}],"author":[{"embeddable":true,"href":"https:\/\/migflug.com\/afterburner\/de\/wp-json\/wp\/v2\/users\/25"}],"replies":[{"embeddable":true,"href":"https:\/\/migflug.com\/afterburner\/de\/wp-json\/wp\/v2\/comments?post=19682082"}],"version-history":[{"count":2,"href":"https:\/\/migflug.com\/afterburner\/de\/wp-json\/wp\/v2\/posts\/19682082\/revisions"}],"predecessor-version":[{"id":19714202,"href":"https:\/\/migflug.com\/afterburner\/de\/wp-json\/wp\/v2\/posts\/19682082\/revisions\/19714202"}],"wp:featuredmedia":[{"embeddable":true,"href":"https:\/\/migflug.com\/afterburner\/de\/wp-json\/wp\/v2\/media\/19681674"}],"wp:attachment":[{"href":"https:\/\/migflug.com\/afterburner\/de\/wp-json\/wp\/v2\/media?parent=19682082"}],"wp:term":[{"taxonomy":"category","embeddable":true,"href":"https:\/\/migflug.com\/afterburner\/de\/wp-json\/wp\/v2\/categories?post=19682082"},{"taxonomy":"post_tag","embeddable":true,"href":"https:\/\/migflug.com\/afterburner\/de\/wp-json\/wp\/v2\/tags?post=19682082"}],"curies":[{"name":"wp","href":"https:\/\/api.w.org\/{rel}","templated":true}]}}